{"id":1147,"date":"2025-02-09T21:53:42","date_gmt":"2025-02-09T21:53:42","guid":{"rendered":"https:\/\/casovifrancuskog.rs\/?p=1147"},"modified":"2025-02-11T14:17:36","modified_gmt":"2025-02-11T14:17:36","slug":"5-differences-grammaticales-entre-le-serbe-et-le-francais","status":"publish","type":"post","link":"https:\/\/casovifrancuskog.rs\/index.php\/2025\/02\/09\/5-differences-grammaticales-entre-le-serbe-et-le-francais\/","title":{"rendered":"5 Diff\u00e9rences grammaticales entre le serbe et le fran\u00e7ais"},"content":{"rendered":"\t\t<div data-elementor-type=\"wp-post\" data-elementor-id=\"1147\" class=\"elementor elementor-1147\" data-elementor-post-type=\"post\">\n\t\t\t\t\t\t<section class=\"elementor-section elementor-top-section elementor-element elementor-element-23325cfd elementor-section-boxed elementor-section-height-default elementor-section-height-default\" data-id=\"23325cfd\" data-element_type=\"section\" data-e-type=\"section\">\n\t\t\t\t\t\t<div class=\"elementor-container elementor-column-gap-default\">\n\t\t\t\t\t<div class=\"elementor-column elementor-col-100 elementor-top-column elementor-element elementor-element-60b52708\" data-id=\"60b52708\" data-element_type=\"column\" data-e-type=\"column\">\n\t\t\t<div class=\"elementor-widget-wrap elementor-element-populated\">\n\t\t\t\t\t\t<div class=\"elementor-element elementor-element-b4a4a50 elementor-widget elementor-widget-heading\" data-id=\"b4a4a50\" data-element_type=\"widget\" data-e-type=\"widget\" data-widget_type=\"heading.default\">\n\t\t\t\t<div class=\"elementor-widget-container\">\n\t\t\t\t\t<h3 class=\"elementor-heading-title elementor-size-default\">5 Diff\u00e9rences grammaticales entre le serbe et le fran\u00e7ais<\/h3>\t\t\t\t<\/div>\n\t\t\t\t<\/div>\n\t\t\t\t<div class=\"elementor-element elementor-element-dad9f84 elementor-widget elementor-widget-text-editor\" data-id=\"dad9f84\" data-element_type=\"widget\" data-e-type=\"widget\" data-widget_type=\"text-editor.default\">\n\t\t\t\t<div class=\"elementor-widget-container\">\n\t\t\t\t\t\t\t\t\t<p>Si vous envisagez de suivre un\u00a0<strong>cours de serbe<\/strong>, vous d\u00e9couvrirez que le serbe et le fran\u00e7ais ont des structures grammaticales tr\u00e8s diff\u00e9rentes. Voici cinq diff\u00e9rences fondamentales qui peuvent surprendre les francophones !<\/p>\t\t\t\t\t\t\t\t<\/div>\n\t\t\t\t<\/div>\n\t\t\t\t<div class=\"elementor-element elementor-element-4311390 elementor-widget elementor-widget-heading\" data-id=\"4311390\" data-element_type=\"widget\" data-e-type=\"widget\" data-widget_type=\"heading.default\">\n\t\t\t\t<div class=\"elementor-widget-container\">\n\t\t\t\t\t<h4 class=\"elementor-heading-title elementor-size-default\">1. Pas d\u2019articles en serbe<\/h4>\t\t\t\t<\/div>\n\t\t\t\t<\/div>\n\t\t\t\t<div class=\"elementor-element elementor-element-a6a400c elementor-widget elementor-widget-text-editor\" data-id=\"a6a400c\" data-element_type=\"widget\" data-e-type=\"widget\" data-widget_type=\"text-editor.default\">\n\t\t\t\t<div class=\"elementor-widget-container\">\n\t\t\t\t\t\t\t\t\t<p>En fran\u00e7ais, nous utilisons des articles d\u00e9finis (<strong>le, la, les<\/strong>) et ind\u00e9finis (<strong>un, une, des<\/strong>). En serbe, il n\u2019y a pas d\u2019articles !<\/p><p><img decoding=\"async\" class=\"emoji\" style=\"font-style: inherit; font-weight: inherit; color: var( --e-global-color-text ); font-family: var( --e-global-typography-f500460-font-family ), Sans-serif; letter-spacing: var( --e-global-typography-f500460-letter-spacing );\" role=\"img\" draggable=\"false\" src=\"https:\/\/s.w.org\/images\/core\/emoji\/15.0.3\/svg\/1f539.svg\" alt=\"\ud83d\udd39\" \/><span style=\"font-style: inherit; font-weight: inherit; background-color: var(--ast-global-color-5); color: var( --e-global-color-text ); font-family: var( --e-global-typography-f500460-font-family ), Sans-serif; letter-spacing: var( --e-global-typography-f500460-letter-spacing );\"> Exemple : <\/span><em style=\"font-weight: inherit; background-color: var(--ast-global-color-5); color: var( --e-global-color-text ); font-family: var( --e-global-typography-f500460-font-family ), Sans-serif; letter-spacing: var( --e-global-typography-f500460-letter-spacing );\">maison<\/em><span style=\"font-style: inherit; font-weight: inherit; background-color: var(--ast-global-color-5); color: var( --e-global-color-text ); font-family: var( --e-global-typography-f500460-font-family ), Sans-serif; letter-spacing: var( --e-global-typography-f500460-letter-spacing );\"> peut \u00eatre <\/span><strong style=\"font-style: inherit; background-color: var(--ast-global-color-5); color: var( --e-global-color-text ); font-family: var( --e-global-typography-f500460-font-family ), Sans-serif; letter-spacing: var( --e-global-typography-f500460-letter-spacing );\">&#8220;ku\u0107a&#8221;<\/strong><span style=\"font-style: inherit; font-weight: inherit; background-color: var(--ast-global-color-5); color: var( --e-global-color-text ); font-family: var( --e-global-typography-f500460-font-family ), Sans-serif; letter-spacing: var( --e-global-typography-f500460-letter-spacing );\">, sans article particulier. Le contexte d\u00e9termine si l&#8217;on parle d\u2019une maison en g\u00e9n\u00e9ral ou d\u2019une maison sp\u00e9cifique.<\/span><\/p>\t\t\t\t\t\t\t\t<\/div>\n\t\t\t\t<\/div>\n\t\t\t\t<div class=\"elementor-element elementor-element-bee0e30 elementor-widget elementor-widget-heading\" data-id=\"bee0e30\" data-element_type=\"widget\" data-e-type=\"widget\" data-widget_type=\"heading.default\">\n\t\t\t\t<div class=\"elementor-widget-container\">\n\t\t\t\t\t<h4 class=\"elementor-heading-title elementor-size-default\">2. Les d\u00e9clinaisons : 7 cas grammaticaux<\/h4>\t\t\t\t<\/div>\n\t\t\t\t<\/div>\n\t\t\t\t<div class=\"elementor-element elementor-element-0167c62 elementor-widget elementor-widget-text-editor\" data-id=\"0167c62\" data-element_type=\"widget\" data-e-type=\"widget\" data-widget_type=\"text-editor.default\">\n\t\t\t\t<div class=\"elementor-widget-container\">\n\t\t\t\t\t\t\t\t\t<p>Contrairement au fran\u00e7ais o\u00f9 les mots ne changent pas selon leur fonction dans la phrase, le serbe utilise un syst\u00e8me de <strong>d\u00e9clinaisons<\/strong> avec sept cas grammaticaux. Cela signifie que les noms, les adjectifs et les pronoms changent de forme selon leur r\u00f4le dans la phrase.<br \/><img decoding=\"async\" class=\"emoji\" role=\"img\" draggable=\"false\" src=\"https:\/\/s.w.org\/images\/core\/emoji\/15.0.3\/svg\/1f539.svg\" alt=\"\ud83d\udd39\" \/> Exemple :<\/p><ul><li><em>J\u2019aime le chat<\/em> \u2192 <strong>Volim ma\u010dku<\/strong> (accusatif)<\/li><li><em>Le chat dort<\/em> \u2192 <strong>Ma\u010dka spava<\/strong> (nominatif)<\/li><\/ul>\t\t\t\t\t\t\t\t<\/div>\n\t\t\t\t<\/div>\n\t\t\t\t<div class=\"elementor-element elementor-element-67460d3 elementor-widget elementor-widget-heading\" data-id=\"67460d3\" data-element_type=\"widget\" data-e-type=\"widget\" data-widget_type=\"heading.default\">\n\t\t\t\t<div class=\"elementor-widget-container\">\n\t\t\t\t\t<h4 class=\"elementor-heading-title elementor-size-default\">3. Deux aspects verbaux au lieu des temps compos\u00e9s<\/h4>\t\t\t\t<\/div>\n\t\t\t\t<\/div>\n\t\t\t\t<div class=\"elementor-element elementor-element-4c405de elementor-widget elementor-widget-text-editor\" data-id=\"4c405de\" data-element_type=\"widget\" data-e-type=\"widget\" data-widget_type=\"text-editor.default\">\n\t\t\t\t<div class=\"elementor-widget-container\">\n\t\t\t\t\t\t\t\t\t<p>En serbe, les verbes sont class\u00e9s en <strong>verbes perfectifs et imperfectifs<\/strong>, au lieu d\u2019avoir des temps compos\u00e9s comme en fran\u00e7ais (<strong>pass\u00e9 compos\u00e9, imparfait<\/strong>).<br \/><img decoding=\"async\" class=\"emoji\" role=\"img\" draggable=\"false\" src=\"https:\/\/s.w.org\/images\/core\/emoji\/15.0.3\/svg\/1f539.svg\" alt=\"\ud83d\udd39\" \/> Exemple :<\/p><ul><li><strong>Pisati<\/strong> (\u00e9crire en g\u00e9n\u00e9ral, imperfectif)<\/li><li><strong>Napisati<\/strong> (\u00e9crire quelque chose jusqu\u2019\u00e0 la fin, perfectif)<\/li><\/ul><p>Un m\u00eame verbe peut ainsi exister en deux formes pour indiquer si l&#8217;action est termin\u00e9e ou non.<\/p>\t\t\t\t\t\t\t\t<\/div>\n\t\t\t\t<\/div>\n\t\t\t\t<div class=\"elementor-element elementor-element-4fbfe00 elementor-widget elementor-widget-heading\" data-id=\"4fbfe00\" data-element_type=\"widget\" data-e-type=\"widget\" data-widget_type=\"heading.default\">\n\t\t\t\t<div class=\"elementor-widget-container\">\n\t\t\t\t\t<h4 class=\"elementor-heading-title elementor-size-default\">4. Pas de distinction entre le pass\u00e9 compos\u00e9 et l\u2019imparfait<\/h4>\t\t\t\t<\/div>\n\t\t\t\t<\/div>\n\t\t\t\t<div class=\"elementor-element elementor-element-c306158 elementor-widget elementor-widget-text-editor\" data-id=\"c306158\" data-element_type=\"widget\" data-e-type=\"widget\" data-widget_type=\"text-editor.default\">\n\t\t\t\t<div class=\"elementor-widget-container\">\n\t\t\t\t\t\t\t\t\t<p>Les francophones apprennent \u00e0 faire la diff\u00e9rence entre <strong>&#8220;j\u2019ai mang\u00e9&#8221;<\/strong> (pass\u00e9 compos\u00e9) et <strong>&#8220;je mangeais&#8221;<\/strong> (imparfait). En serbe, cette nuance est souvent remplac\u00e9e par l\u2019usage des aspects verbaux.<\/p>\t\t\t\t\t\t\t\t<\/div>\n\t\t\t\t<\/div>\n\t\t\t\t<div class=\"elementor-element elementor-element-97d6dee elementor-widget elementor-widget-heading\" data-id=\"97d6dee\" data-element_type=\"widget\" data-e-type=\"widget\" data-widget_type=\"heading.default\">\n\t\t\t\t<div class=\"elementor-widget-container\">\n\t\t\t\t\t<h4 class=\"elementor-heading-title elementor-size-default\">5. L\u2019ordre des mots est plus libre<\/h4>\t\t\t\t<\/div>\n\t\t\t\t<\/div>\n\t\t\t\t<div class=\"elementor-element elementor-element-055f39e elementor-widget elementor-widget-text-editor\" data-id=\"055f39e\" data-element_type=\"widget\" data-e-type=\"widget\" data-widget_type=\"text-editor.default\">\n\t\t\t\t<div class=\"elementor-widget-container\">\n\t\t\t\t\t\t\t\t\t<p>Le fran\u00e7ais suit une structure rigide <strong>Sujet \u2013 Verbe \u2013 Compl\u00e9ment<\/strong> (<em>Je vois un ami<\/em>). En serbe, gr\u00e2ce aux d\u00e9clinaisons, l\u2019ordre des mots peut \u00eatre plus flexible sans changer le sens.<br \/><img decoding=\"async\" class=\"emoji\" role=\"img\" draggable=\"false\" src=\"https:\/\/s.w.org\/images\/core\/emoji\/15.0.3\/svg\/1f539.svg\" alt=\"\ud83d\udd39\" \/> Exemple :<\/p><ul><li><strong>Vidim prijatelja<\/strong> (Je vois un ami)<\/li><li><strong>Prijatelja vidim<\/strong> (C\u2019est l\u2019ami que je vois)<\/li><\/ul>\t\t\t\t\t\t\t\t<\/div>\n\t\t\t\t<\/div>\n\t\t\t\t<div class=\"elementor-element elementor-element-678b70a elementor-widget__width-initial elementor-widget elementor-widget-text-editor\" data-id=\"678b70a\" data-element_type=\"widget\" data-e-type=\"widget\" data-widget_type=\"text-editor.default\">\n\t\t\t\t<div class=\"elementor-widget-container\">\n\t\t\t\t\t\t\t\t\t<p><img decoding=\"async\" class=\"emoji\" role=\"img\" draggable=\"false\" src=\"https:\/\/s.w.org\/images\/core\/emoji\/15.0.3\/svg\/1f4a1.svg\" alt=\"\ud83d\udca1\" \/> <strong>Pourquoi apprendre le serbe ?<\/strong><br \/>Le serbe est une langue fascinante, riche en sonorit\u00e9s et avec une structure unique. Si vous souhaitez commencer votre aventure linguistique, n\u2019h\u00e9sitez pas \u00e0 essayer un <strong>cours de serbe<\/strong> en ligne !<\/p><p><img decoding=\"async\" class=\"emoji\" role=\"img\" draggable=\"false\" src=\"https:\/\/s.w.org\/images\/core\/emoji\/15.0.3\/svg\/1f4e9.svg\" alt=\"\ud83d\udce9\" \/> <strong>Int\u00e9ress\u00e9(e) par l\u2019apprentissage du serbe ? Contactez-moi pour plus d\u2019informations sur nos cours\u00a0<\/strong><\/p>\t\t\t\t\t\t\t\t<\/div>\n\t\t\t\t<\/div>\n\t\t\t\t<div class=\"elementor-element elementor-element-d1774c5 elementor-widget elementor-widget-image\" data-id=\"d1774c5\" data-element_type=\"widget\" data-e-type=\"widget\" data-widget_type=\"image.default\">\n\t\t\t\t<div class=\"elementor-widget-container\">\n\t\t\t\t\t\t\t\t\t\t\t\t\t\t\t<img fetchpriority=\"high\" decoding=\"async\" width=\"976\" height=\"549\" src=\"https:\/\/casovifrancuskog.rs\/wp-content\/uploads\/2025\/02\/121315570_irilica.png\" class=\"attachment-large size-large wp-image-1164\" alt=\"\" srcset=\"https:\/\/casovifrancuskog.rs\/wp-content\/uploads\/2025\/02\/121315570_irilica.png 976w, https:\/\/casovifrancuskog.rs\/wp-content\/uploads\/2025\/02\/121315570_irilica-300x169.png 300w, https:\/\/casovifrancuskog.rs\/wp-content\/uploads\/2025\/02\/121315570_irilica-768x432.png 768w\" sizes=\"(max-width: 976px) 100vw, 976px\" \/>\t\t\t\t\t\t\t\t\t\t\t\t\t\t\t<\/div>\n\t\t\t\t<\/div>\n\t\t\t\t\t<\/div>\n\t\t<\/div>\n\t\t\t\t\t<\/div>\n\t\t<\/section>\n\t\t\t\t<\/div>\n\t\t","protected":false},"excerpt":{"rendered":"<p>5 Diff\u00e9rences grammaticales entre le serbe et le fran\u00e7ais Si vous envisagez de suivre un\u00a0cours de serbe, vous d\u00e9couvrirez que le serbe et le fran\u00e7ais ont des structures grammaticales tr\u00e8s diff\u00e9rentes. Voici cinq diff\u00e9rences fondamentales qui peuvent surprendre les francophones ! 1. Pas d\u2019articles en serbe En fran\u00e7ais, nous utilisons des articles d\u00e9finis (le, la, [&hellip;]<\/p>\n","protected":false},"author":3,"featured_media":1164,"comment_status":"open","ping_status":"open","sticky":false,"template":"","format":"standard","meta":{"site-sidebar-layout":"default","site-content-layout":"","ast-site-content-layout":"default","site-content-style":"default","site-sidebar-style":"default","ast-global-header-display":"","ast-banner-title-visibility":"","ast-main-header-display":"","ast-hfb-above-header-display":"","ast-hfb-below-header-display":"","ast-hfb-mobile-header-display":"","site-post-title":"","ast-breadcrumbs-content":"","ast-featured-img":"","footer-sml-layout":"","ast-disable-related-posts":"","theme-transparent-header-meta":"","adv-header-id-meta":"","stick-header-meta":"","header-above-stick-meta":"","header-main-stick-meta":"","header-below-stick-meta":"","astra-migrate-meta-layouts":"default","ast-page-background-enabled":"default","ast-page-background-meta":{"desktop":{"background-color":"var(--ast-global-color-4)","background-image":"","background-repeat":"repeat","background-position":"center center","background-size":"auto","background-attachment":"scroll","background-type":"","background-media":"","overlay-type":"","overlay-color":"","overlay-opacity":"","overlay-gradient":""},"tablet":{"background-color":"","background-image":"","background-repeat":"repeat","background-position":"center center","background-size":"auto","background-attachment":"scroll","background-type":"","background-media":"","overlay-type":"","overlay-color":"","overlay-opacity":"","overlay-gradient":""},"mobile":{"background-color":"","background-image":"","background-repeat":"repeat","background-position":"center center","background-size":"auto","background-attachment":"scroll","background-type":"","background-media":"","overlay-type":"","overlay-color":"","overlay-opacity":"","overlay-gradient":""}},"ast-content-background-meta":{"desktop":{"background-color":"var(--ast-global-color-5)","background-image":"","background-repeat":"repeat","background-position":"center center","background-size":"auto","background-attachment":"scroll","background-type":"","background-media":"","overlay-type":"","overlay-color":"","overlay-opacity":"","overlay-gradient":""},"tablet":{"background-color":"var(--ast-global-color-5)","background-image":"","background-repeat":"repeat","background-position":"center center","background-size":"auto","background-attachment":"scroll","background-type":"","background-media":"","overlay-type":"","overlay-color":"","overlay-opacity":"","overlay-gradient":""},"mobile":{"background-color":"var(--ast-global-color-5)","background-image":"","background-repeat":"repeat","background-position":"center center","background-size":"auto","background-attachment":"scroll","background-type":"","background-media":"","overlay-type":"","overlay-color":"","overlay-opacity":"","overlay-gradient":""}},"footnotes":""},"categories":[1],"tags":[],"class_list":["post-1147","post","type-post","status-publish","format-standard","has-post-thumbnail","hentry","category-blog"],"_links":{"self":[{"href":"https:\/\/casovifrancuskog.rs\/index.php\/wp-json\/wp\/v2\/posts\/1147","targetHints":{"allow":["GET"]}}],"collection":[{"href":"https:\/\/casovifrancuskog.rs\/index.php\/wp-json\/wp\/v2\/posts"}],"about":[{"href":"https:\/\/casovifrancuskog.rs\/index.php\/wp-json\/wp\/v2\/types\/post"}],"author":[{"embeddable":true,"href":"https:\/\/casovifrancuskog.rs\/index.php\/wp-json\/wp\/v2\/users\/3"}],"replies":[{"embeddable":true,"href":"https:\/\/casovifrancuskog.rs\/index.php\/wp-json\/wp\/v2\/comments?post=1147"}],"version-history":[{"count":7,"href":"https:\/\/casovifrancuskog.rs\/index.php\/wp-json\/wp\/v2\/posts\/1147\/revisions"}],"predecessor-version":[{"id":1500,"href":"https:\/\/casovifrancuskog.rs\/index.php\/wp-json\/wp\/v2\/posts\/1147\/revisions\/1500"}],"wp:featuredmedia":[{"embeddable":true,"href":"https:\/\/casovifrancuskog.rs\/index.php\/wp-json\/wp\/v2\/media\/1164"}],"wp:attachment":[{"href":"https:\/\/casovifrancuskog.rs\/index.php\/wp-json\/wp\/v2\/media?parent=1147"}],"wp:term":[{"taxonomy":"category","embeddable":true,"href":"https:\/\/casovifrancuskog.rs\/index.php\/wp-json\/wp\/v2\/categories?post=1147"},{"taxonomy":"post_tag","embeddable":true,"href":"https:\/\/casovifrancuskog.rs\/index.php\/wp-json\/wp\/v2\/tags?post=1147"}],"curies":[{"name":"wp","href":"https:\/\/api.w.org\/{rel}","templated":true}]}}